{"id":1316,"date":"2023-11-13T13:44:10","date_gmt":"2023-11-13T13:44:10","guid":{"rendered":"https:\/\/fcgermania1924.de\/wp\/?p=1316"},"modified":"2024-01-02T11:52:00","modified_gmt":"2024-01-02T11:52:00","slug":"jahreshauptversammlung-2021","status":"publish","type":"post","link":"https:\/\/fcgermania1924.de\/wp\/2023\/11\/13\/jahreshauptversammlung-2021\/","title":{"rendered":"JAHRESHAUPTVERSAMMLUNG 2023"},"content":{"rendered":"\n<p>Zu unserer diesj\u00e4hrigen Jahreshauptversammlung laden wir alle Mitglieder herzlich ein.<\/p>\n\n\n\n<figure class=\"wp-block-table is-style-stripes\"><table><tbody><tr><td><strong>Datum<\/strong>:<\/td><td>Donnerstag, 30.11.2023<\/td><\/tr><tr><td><strong>Uhrzeit<\/strong>:<\/td><td>20:30 Uhr<\/td><\/tr><tr><td><strong>Ort:<\/strong><\/td><td>Vereinsheim am Langen See<\/td><\/tr><\/tbody><\/table><\/figure>\n\n\n\n<p> <strong>Tagesordnung<\/strong>:<\/p>\n\n\n\n<p>1.&nbsp;&nbsp; Begr\u00fc\u00dfung, Er\u00f6ffnung und Genehmigung der Tagesordnung<\/p>\n\n\n\n<p>2.&nbsp;&nbsp; Totengedenken<\/p>\n\n\n\n<p>3.&nbsp;&nbsp; Bericht des Vorstands<\/p>\n\n\n\n<p>4.&nbsp;&nbsp; Bericht der Jugendabteilung<\/p>\n\n\n\n<p>5.&nbsp;&nbsp; Bericht der AH<\/p>\n\n\n\n<p>6.&nbsp;&nbsp; Kassenbericht<\/p>\n\n\n\n<p>7.&nbsp;&nbsp; Bericht der Kassenpr\u00fcfer<\/p>\n\n\n\n<p>8.&nbsp;&nbsp; Entlastung des Kassiers<\/p>\n\n\n\n<p>9.\u00a0\u00a0 W\u00fcnsche und Antr\u00e4ge<\/p>\n\n\n\n<ul class=\"wp-block-list\">\n<li>Antrag Nr. 1 &#8211; Einf\u00fchrung Familienbeitrag &amp; Anpassung der Mitgliedsbeitr\u00e4ge 2024<\/li>\n<\/ul>\n\n\n\n<p>10. Schlusswort und Verabschiedung der Teilnehmer<\/p>\n\n\n\n<p><br><strong>Antr\u00e4ge m\u00fcssen schriftlich (Brief oder Email) bis sp\u00e4testens 23.11.2023 beim Vorstand eingereicht werden.<\/strong><br><br>Postadresse: <br>FC Germania 1924 e.V. Gro\u00dfwelzheim<br>Karlsbader Str. 4<br> 63791 Karlstein<br><\/p>\n\n\n\n<p>Email: <a href=\"mailto:vorstand@fcgermania1924.de\" data-type=\"mailto\" data-id=\"mailto:vorstand@fcgermania1924.de\">vorstand@fcgermania1924.de<\/a><\/p>\n\n\n\n<p><\/p>\n\n\n\n<p>Wir w\u00fcrden uns freuen viele Mitglieder begr\u00fc\u00dfen zu d\u00fcrfen.<br>Euer Vorstand<br><\/p>\n","protected":false},"excerpt":{"rendered":"<p>Zu unserer diesj\u00e4hrigen Jahreshauptversammlung laden wir alle Mitglieder herzlich ein. Datum: Donnerstag, 30.11.2023 Uhrzeit: 20:30 Uhr Ort: Vereinsheim am Langen See Tagesordnung: 1.&nbsp;&nbsp; Begr\u00fc\u00dfung, Er\u00f6ffnung und Genehmigung der Tagesordnung 2.&nbsp;&nbsp;<\/p>\n","protected":false},"author":1,"featured_media":1356,"comment_status":"closed","ping_status":"closed","sticky":false,"template":"","format":"standard","meta":{"footnotes":""},"categories":[7],"tags":[],"class_list":["post-1316","post","type-post","status-publish","format-standard","has-post-thumbnail","hentry","category-archiv_veranstaltungen"],"_links":{"self":[{"href":"https:\/\/fcgermania1924.de\/wp\/wp-json\/wp\/v2\/posts\/1316","targetHints":{"allow":["GET"]}}],"collection":[{"href":"https:\/\/fcgermania1924.de\/wp\/wp-json\/wp\/v2\/posts"}],"about":[{"href":"https:\/\/fcgermania1924.de\/wp\/wp-json\/wp\/v2\/types\/post"}],"author":[{"embeddable":true,"href":"https:\/\/fcgermania1924.de\/wp\/wp-json\/wp\/v2\/users\/1"}],"replies":[{"embeddable":true,"href":"https:\/\/fcgermania1924.de\/wp\/wp-json\/wp\/v2\/comments?post=1316"}],"version-history":[{"count":22,"href":"https:\/\/fcgermania1924.de\/wp\/wp-json\/wp\/v2\/posts\/1316\/revisions"}],"predecessor-version":[{"id":2103,"href":"https:\/\/fcgermania1924.de\/wp\/wp-json\/wp\/v2\/posts\/1316\/revisions\/2103"}],"wp:featuredmedia":[{"embeddable":true,"href":"https:\/\/fcgermania1924.de\/wp\/wp-json\/wp\/v2\/media\/1356"}],"wp:attachment":[{"href":"https:\/\/fcgermania1924.de\/wp\/wp-json\/wp\/v2\/media?parent=1316"}],"wp:term":[{"taxonomy":"category","embeddable":true,"href":"https:\/\/fcgermania1924.de\/wp\/wp-json\/wp\/v2\/categories?post=1316"},{"taxonomy":"post_tag","embeddable":true,"href":"https:\/\/fcgermania1924.de\/wp\/wp-json\/wp\/v2\/tags?post=1316"}],"curies":[{"name":"wp","href":"https:\/\/api.w.org\/{rel}","templated":true}]}}