{"id":453,"date":"2019-11-20T07:33:58","date_gmt":"2019-11-20T07:33:58","guid":{"rendered":"http:\/\/fcgermania1924.de\/wp\/?p=453"},"modified":"2019-12-11T10:48:38","modified_gmt":"2019-12-11T10:48:38","slug":"spieltag-15","status":"publish","type":"post","link":"https:\/\/fcgermania1924.de\/wp\/2019\/11\/20\/spieltag-15\/","title":{"rendered":"Spieltag 15"},"content":{"rendered":"\n<p><strong>FCG \u2013 SG Laudenb.\/Westerngr.&nbsp;\n4:2&nbsp; (2:1)<\/strong><\/p>\n\n\n\n<p>Durch einen Kopfball von Adem Karakus und einem Elfmeter von Ricardo Alves gingen wir fr\u00fch in F\u00fchrung. Die G\u00e4ste steckten jedoch nie auf und kamen noch vor der Pause zum Anschlusstreffer.<br>Kurz nach der Pause traf erneut Alves zum 3:1. Aber auch danach zeigten die G\u00e4ste Kampfgeist und verk\u00fcrzten nur 5 Minuten erneut. <br> Ein erneuter Elfer zu unseren Gunsten, verwandelt durch Marc Trageser, machte dann alles klar. <\/p>\n\n\n\n<p><strong>FCG II &#8211; TSV Mainaschaff II\u00a0 1:1\u00a0 (1:0)<br><\/strong>Nach einer hohen Niederlage im Hinspiel, zeigten wir eine sehr gute k\u00e4mpferische Leistung. Nach dem F\u00fchrungstreffer durch Tim G\u00fcnther folgten noch einige gut Chancen die leider ungenutzt blieben. <br>Am Ende gingen uns ein wenig die Kr\u00e4fte aus und die G\u00e4ste kamen noch zum Ausgleich.  <br>Am kommenden Sonntag kommt es zum Gipfeltreffen beim Verfolger in Gunzenbach.<br>Wenn wir es wieder schaffen sollten eine so konzentrierte Leistung wie im Hinspiel abzuliefern, haben wir gute Chancen die drei Punkte mit nach Hause zu nehmen und damit einen riesen Sprung in Richtung Meisterschaft zu machen.<\/p>\n","protected":false},"excerpt":{"rendered":"<p>FCG \u2013 SG Laudenb.\/Westerngr.&nbsp; 4:2&nbsp; (2:1) Durch einen Kopfball von Adem Karakus und einem Elfmeter von Ricardo Alves gingen wir fr\u00fch in F\u00fchrung. Die G\u00e4ste steckten jedoch nie auf und<\/p>\n","protected":false},"author":1,"featured_media":0,"comment_status":"closed","ping_status":"closed","sticky":false,"template":"","format":"standard","meta":{"footnotes":""},"categories":[8],"tags":[],"class_list":["post-453","post","type-post","status-publish","format-standard","hentry","category-archiv_aktive"],"_links":{"self":[{"href":"https:\/\/fcgermania1924.de\/wp\/wp-json\/wp\/v2\/posts\/453","targetHints":{"allow":["GET"]}}],"collection":[{"href":"https:\/\/fcgermania1924.de\/wp\/wp-json\/wp\/v2\/posts"}],"about":[{"href":"https:\/\/fcgermania1924.de\/wp\/wp-json\/wp\/v2\/types\/post"}],"author":[{"embeddable":true,"href":"https:\/\/fcgermania1924.de\/wp\/wp-json\/wp\/v2\/users\/1"}],"replies":[{"embeddable":true,"href":"https:\/\/fcgermania1924.de\/wp\/wp-json\/wp\/v2\/comments?post=453"}],"version-history":[{"count":1,"href":"https:\/\/fcgermania1924.de\/wp\/wp-json\/wp\/v2\/posts\/453\/revisions"}],"predecessor-version":[{"id":454,"href":"https:\/\/fcgermania1924.de\/wp\/wp-json\/wp\/v2\/posts\/453\/revisions\/454"}],"wp:attachment":[{"href":"https:\/\/fcgermania1924.de\/wp\/wp-json\/wp\/v2\/media?parent=453"}],"wp:term":[{"taxonomy":"category","embeddable":true,"href":"https:\/\/fcgermania1924.de\/wp\/wp-json\/wp\/v2\/categories?post=453"},{"taxonomy":"post_tag","embeddable":true,"href":"https:\/\/fcgermania1924.de\/wp\/wp-json\/wp\/v2\/tags?post=453"}],"curies":[{"name":"wp","href":"https:\/\/api.w.org\/{rel}","templated":true}]}}