{"id":465,"date":"2019-12-04T12:17:55","date_gmt":"2019-12-04T12:17:55","guid":{"rendered":"http:\/\/fcgermania1924.de\/wp\/?p=465"},"modified":"2020-01-07T08:33:49","modified_gmt":"2020-01-07T08:33:49","slug":"spieltag-8-nachholspiel","status":"publish","type":"post","link":"https:\/\/fcgermania1924.de\/wp\/2019\/12\/04\/spieltag-8-nachholspiel\/","title":{"rendered":"Spieltag 8 (Nachholspiel)"},"content":{"rendered":"\n<p><strong>SV Bavaria Wiesen II \u2013 FCG \u00a0\u00a01:5 <\/strong>\u00a0(1:2)<\/p>\n\n\n\n<p>4er-Pack von Alves macht alles klar!<br>Trotz des gefrorenen und nur schwer bespielbaren Platzes in Wiesen, zeigten unsere Jungs eine sehr motivierte und konzentrierte Leistung.<br>Zwar gingen die Gastgeber nach einer viertel Stunde in F\u00fchrung, aber durch zwei Tore von Riccardo Alves konnten wir das Spiel bereits zur Pause drehen.<br>Nach der Halbzeit kn\u00fcpfte die Mannschaft da an, wo sie aufgeh\u00f6rt hat und erneut schn\u00fcrte \u201eRicci\u201c Alves einen Doppelpack.<br>Robin Kanis legte kurz danach noch einen drauf und wir zeigten wieder einmal, warum wir aktuell an der Tabellenspitze stehen.<br>Defensiv eine Bank, Offensiv immer brandgef\u00e4hrlich.<br>Bleibt zu hoffen, dass es nach der Winterpause so weitergeht und wir an die guten Leistungen ankn\u00fcpfen k\u00f6nnen. &nbsp;<br><\/p>\n\n\n\n<p>Das erste Spiel im neuen Jahr bestreiten wir am 08.M\u00e4rz, ausw\u00e4rts gegen Unterafferbach II. &nbsp;<br><\/p>\n\n\n\n<p><br><br><\/p>\n","protected":false},"excerpt":{"rendered":"<p>SV Bavaria Wiesen II \u2013 FCG \u00a0\u00a01:5 \u00a0(1:2) 4er-Pack von Alves macht alles klar!Trotz des gefrorenen und nur schwer bespielbaren Platzes in Wiesen, zeigten unsere Jungs eine sehr motivierte und<\/p>\n","protected":false},"author":1,"featured_media":0,"comment_status":"closed","ping_status":"closed","sticky":false,"template":"","format":"standard","meta":{"footnotes":""},"categories":[8],"tags":[],"class_list":["post-465","post","type-post","status-publish","format-standard","hentry","category-archiv_aktive"],"_links":{"self":[{"href":"https:\/\/fcgermania1924.de\/wp\/wp-json\/wp\/v2\/posts\/465","targetHints":{"allow":["GET"]}}],"collection":[{"href":"https:\/\/fcgermania1924.de\/wp\/wp-json\/wp\/v2\/posts"}],"about":[{"href":"https:\/\/fcgermania1924.de\/wp\/wp-json\/wp\/v2\/types\/post"}],"author":[{"embeddable":true,"href":"https:\/\/fcgermania1924.de\/wp\/wp-json\/wp\/v2\/users\/1"}],"replies":[{"embeddable":true,"href":"https:\/\/fcgermania1924.de\/wp\/wp-json\/wp\/v2\/comments?post=465"}],"version-history":[{"count":3,"href":"https:\/\/fcgermania1924.de\/wp\/wp-json\/wp\/v2\/posts\/465\/revisions"}],"predecessor-version":[{"id":556,"href":"https:\/\/fcgermania1924.de\/wp\/wp-json\/wp\/v2\/posts\/465\/revisions\/556"}],"wp:attachment":[{"href":"https:\/\/fcgermania1924.de\/wp\/wp-json\/wp\/v2\/media?parent=465"}],"wp:term":[{"taxonomy":"category","embeddable":true,"href":"https:\/\/fcgermania1924.de\/wp\/wp-json\/wp\/v2\/categories?post=465"},{"taxonomy":"post_tag","embeddable":true,"href":"https:\/\/fcgermania1924.de\/wp\/wp-json\/wp\/v2\/tags?post=465"}],"curies":[{"name":"wp","href":"https:\/\/api.w.org\/{rel}","templated":true}]}}