{"id":737,"date":"2020-03-03T10:26:15","date_gmt":"2020-03-03T10:26:15","guid":{"rendered":"http:\/\/fcgermania1924.de\/wp\/?p=737"},"modified":"2020-05-11T10:58:48","modified_gmt":"2020-05-11T10:58:48","slug":"united-by-football","status":"publish","type":"post","link":"https:\/\/fcgermania1924.de\/wp\/2020\/03\/03\/united-by-football\/","title":{"rendered":"United by football"},"content":{"rendered":"\n<p>Mittwoch, 26. Februar, 19:30 Uhr. <br>Anpfiff des Freundschafts- und  Vorbereitungsspiels VfR Kesselstadt II &#8211; FC Germania Gro\u00dfwelzheim.<br>Die  Zuschauer sehen ein spannendes und sehr faires Spiel auf  Augenh\u00f6he.  Endstand 3:2 f\u00fcr Kesselstadt. <br>Mehr soll \u00fcber den Spielverlauf auch gar nicht erst verloren werden.  <br>Viel wichtiger ist die Botschaft, die beide Teams mit dieser gemeinsamen Aktion vor dem Spiel gesendet haben: <br><br><strong>Gegen Rassismus, gegen Hass und  Hetze, vereint durch den Fu\u00dfball &#8211; United by Football!<\/strong><br><br>Unabh\u00e4ngig von Hautfarbe, Religion und Herkunft, standen alle Spieler vor dem Spiel Arm in Arm und gedachten gemeinsam mit einer Schweigeminute der vielen Opfer des Anschlags.<br>Einer der Tatorte war Kesselstadt selbst und einer der Spieler sogar direkt durch den Tod eines Angeh\u00f6rigen betroffen. <br>Ein gemeinsames Zeichen gegen Rechts, f\u00fcr Vielfalt und f\u00fcr mehr Zusammenhalt in unserer Gesellschaft. Das wollten beide Mannschaften an diesem Abend erreichen! <br><\/p>\n","protected":false},"excerpt":{"rendered":"<p>Mittwoch, 26. Februar, 19:30 Uhr. Anpfiff des Freundschafts- und Vorbereitungsspiels VfR Kesselstadt II &#8211; FC Germania Gro\u00dfwelzheim.Die Zuschauer sehen ein spannendes und sehr faires Spiel auf Augenh\u00f6he. Endstand 3:2 f\u00fcr<\/p>\n","protected":false},"author":1,"featured_media":738,"comment_status":"closed","ping_status":"closed","sticky":false,"template":"","format":"standard","meta":{"footnotes":""},"categories":[12],"tags":[],"class_list":["post-737","post","type-post","status-publish","format-standard","has-post-thumbnail","hentry","category-archiv_aktuell"],"_links":{"self":[{"href":"https:\/\/fcgermania1924.de\/wp\/wp-json\/wp\/v2\/posts\/737","targetHints":{"allow":["GET"]}}],"collection":[{"href":"https:\/\/fcgermania1924.de\/wp\/wp-json\/wp\/v2\/posts"}],"about":[{"href":"https:\/\/fcgermania1924.de\/wp\/wp-json\/wp\/v2\/types\/post"}],"author":[{"embeddable":true,"href":"https:\/\/fcgermania1924.de\/wp\/wp-json\/wp\/v2\/users\/1"}],"replies":[{"embeddable":true,"href":"https:\/\/fcgermania1924.de\/wp\/wp-json\/wp\/v2\/comments?post=737"}],"version-history":[{"count":4,"href":"https:\/\/fcgermania1924.de\/wp\/wp-json\/wp\/v2\/posts\/737\/revisions"}],"predecessor-version":[{"id":770,"href":"https:\/\/fcgermania1924.de\/wp\/wp-json\/wp\/v2\/posts\/737\/revisions\/770"}],"wp:featuredmedia":[{"embeddable":true,"href":"https:\/\/fcgermania1924.de\/wp\/wp-json\/wp\/v2\/media\/738"}],"wp:attachment":[{"href":"https:\/\/fcgermania1924.de\/wp\/wp-json\/wp\/v2\/media?parent=737"}],"wp:term":[{"taxonomy":"category","embeddable":true,"href":"https:\/\/fcgermania1924.de\/wp\/wp-json\/wp\/v2\/categories?post=737"},{"taxonomy":"post_tag","embeddable":true,"href":"https:\/\/fcgermania1924.de\/wp\/wp-json\/wp\/v2\/tags?post=737"}],"curies":[{"name":"wp","href":"https:\/\/api.w.org\/{rel}","templated":true}]}}